{"id":625,"date":"2022-10-03T13:39:43","date_gmt":"2022-10-03T13:39:43","guid":{"rendered":"https:\/\/campusunivers.com\/?p=625"},"modified":"2024-06-14T12:44:54","modified_gmt":"2024-06-14T12:44:54","slug":"universite-de-douala-une-rentree-eclairee","status":"publish","type":"post","link":"https:\/\/campusunivers.com\/?p=625","title":{"rendered":"Universit\u00e9 de Douala, une rentr\u00e9e \u00e9clair\u00e9e gr\u00e2ce \u00e0 une Communaut\u00e9 d&rsquo;actions et d&rsquo;\u00e9nergies"},"content":{"rendered":"\n<p>Un spectre planait sur la rentr\u00e9e acad\u00e9mique \u00e0 l\u2019Universit\u00e9 de Douala, le spectre de l\u2019obscurit\u00e9. A pr\u00e9sent, \u00e0 la veille de cet \u00e9v\u00e9nement important, la plus grande des Institutions universitaires d\u2019Afrique centrale brille de mille feux. Coup\u00e9 le vendredi 16 septembre 2022, le courant est bel et bien revenu dans les principaux Campus, au grand plaisir la communaut\u00e9 universitaire et des usagers ce lundi 03 octobre 2022.<\/p>\n\n\n\n<figure class=\"wp-block-image size-full is-resized\"><img data-recalc-dims=\"1\" loading=\"lazy\" decoding=\"async\" width=\"335\" height=\"661\" src=\"https:\/\/i0.wp.com\/campusunivers.com\/wp-content\/uploads\/2022\/10\/udoeclairee-2.jpg?resize=335%2C661&#038;ssl=1\" alt=\"\" class=\"wp-image-633\" style=\"width:277px;height:547px\" srcset=\"https:\/\/i0.wp.com\/campusunivers.com\/wp-content\/uploads\/2022\/10\/udoeclairee-2.jpg?w=335&amp;ssl=1 335w, https:\/\/i0.wp.com\/campusunivers.com\/wp-content\/uploads\/2022\/10\/udoeclairee-2.jpg?resize=152%2C300&amp;ssl=1 152w\" sizes=\"auto, (max-width: 335px) 100vw, 335px\" \/><figcaption class=\"wp-element-caption\">Couloirs et Bureaux \u00e9clair\u00e9s, l&rsquo;UDo respire<\/figcaption><\/figure>\n\n\n\n<p><strong>Campus Univers<\/strong> est en droit de se demander ce qui s\u2019est pass\u00e9. Faut-il voir du cot\u00e9 de la <em>Lettre ouverte<\/em> au Premier Ministre par les repr\u00e9sentants d\u2019\u00c9tudiants, du Personnel d\u2019Appui et des Enseignants\u00a0? Ou plut\u00f4t du cot\u00e9 du Recteur qui a mis toutes les batteries en marche pour r\u00e9soudre cette difficile \u00e9quation\u00a0? A moins que ce soit suite \u00e0 la r\u00e9union pr\u00e9paratoire de la rentr\u00e9e acad\u00e9mique pr\u00e9sid\u00e9e par la MINETAT\/MINESUP avec les diff\u00e9rents Recteurs et Vices Chancelors, qui a instruit ces derniers le vendredi 3O septembre, de n\u00e9gocier avec ENEO. <\/p>\n\n\n\n<p>Ce que l&rsquo;Universit\u00e9 de Douala s\u2019emploie \u00e0 faire depuis belle lurette. Quoiqu\u2019il en soit, le Professeur Joly Ren\u00e9 ASSAKO ASSAKO indique d\u00e9j\u00e0 le fond de l&rsquo;affaire en commentant le retour de l\u2019\u00e9nergie au Campus, pr\u00e9cisant\u00a0: <em>\u00ab\u00a0Chapeau bas au Recteur pour le retour de l\u2019\u00e9nergie. Nous sommes une communaut\u00e9 d\u2019actions et d\u2019\u00e9nergie\u00a0\u00bb<\/em>. Une <strong><em>Communaut\u00e9 d\u2019Actions et d\u2019\u00c9nergies<\/em><\/strong>&#8230; PM, MINETAT\/MINESUP, RECTEUR, ENSEIGNANTS, PERSONNELS, \u00c9TUDIANTS, le tout sous le regard bienveillant de la Pr\u00e9sidence de la R\u00e9publique et&#8230; ENEO, ont \u0153uvr\u00e9 pour faire emporter le sens de l&rsquo;accalmie et de la s\u00e9r\u00e9nit\u00e9, dans la paix et le dialogue. C&rsquo;est le Cameroun qui gagne!!!<\/p>\n\n\n\n<p class=\"has-text-align-right\"><strong>Jean Bosco Bell\/Boris Onana<\/strong><\/p>\n","protected":false},"excerpt":{"rendered":"<p>Un spectre planait sur la rentr\u00e9e acad\u00e9mique \u00e0 l\u2019Universit\u00e9 de Douala, le spectre de l\u2019obscurit\u00e9. A pr\u00e9sent, \u00e0 la veille<\/p>\n","protected":false},"author":1,"featured_media":626,"comment_status":"open","ping_status":"open","sticky":false,"template":"","format":"standard","meta":{"colormag_page_container_layout":"default_layout","colormag_page_sidebar_layout":"default_layout","_jetpack_memberships_contains_paid_content":false,"footnotes":""},"categories":[25,26],"tags":[],"class_list":["post-625","post","type-post","status-publish","format-standard","has-post-thumbnail","hentry","category-actualites","category-campuslife"],"jetpack_featured_media_url":"https:\/\/i0.wp.com\/campusunivers.com\/wp-content\/uploads\/2022\/10\/udorectorat.jpg?fit=1000%2C750&ssl=1","jetpack-related-posts":[],"jetpack_sharing_enabled":true,"_links":{"self":[{"href":"https:\/\/campusunivers.com\/index.php?rest_route=\/wp\/v2\/posts\/625","targetHints":{"allow":["GET"]}}],"collection":[{"href":"https:\/\/campusunivers.com\/index.php?rest_route=\/wp\/v2\/posts"}],"about":[{"href":"https:\/\/campusunivers.com\/index.php?rest_route=\/wp\/v2\/types\/post"}],"author":[{"embeddable":true,"href":"https:\/\/campusunivers.com\/index.php?rest_route=\/wp\/v2\/users\/1"}],"replies":[{"embeddable":true,"href":"https:\/\/campusunivers.com\/index.php?rest_route=%2Fwp%2Fv2%2Fcomments&post=625"}],"version-history":[{"count":9,"href":"https:\/\/campusunivers.com\/index.php?rest_route=\/wp\/v2\/posts\/625\/revisions"}],"predecessor-version":[{"id":3946,"href":"https:\/\/campusunivers.com\/index.php?rest_route=\/wp\/v2\/posts\/625\/revisions\/3946"}],"wp:featuredmedia":[{"embeddable":true,"href":"https:\/\/campusunivers.com\/index.php?rest_route=\/wp\/v2\/media\/626"}],"wp:attachment":[{"href":"https:\/\/campusunivers.com\/index.php?rest_route=%2Fwp%2Fv2%2Fmedia&parent=625"}],"wp:term":[{"taxonomy":"category","embeddable":true,"href":"https:\/\/campusunivers.com\/index.php?rest_route=%2Fwp%2Fv2%2Fcategories&post=625"},{"taxonomy":"post_tag","embeddable":true,"href":"https:\/\/campusunivers.com\/index.php?rest_route=%2Fwp%2Fv2%2Ftags&post=625"}],"curies":[{"name":"wp","href":"https:\/\/api.w.org\/{rel}","templated":true}]}}