{"id":593,"date":"2022-09-29T02:18:14","date_gmt":"2022-09-29T02:18:14","guid":{"rendered":"https:\/\/campusunivers.com\/?p=593"},"modified":"2022-09-29T02:24:34","modified_gmt":"2022-09-29T02:24:34","slug":"guinee-conakry-le-capitaine-moussa-dadis-camara-envoye-en-prison","status":"publish","type":"post","link":"https:\/\/campusunivers.com\/?p=593","title":{"rendered":"Guin\u00e9e Conakry : Le capitaine Moussa Dadis Camara envoy\u00e9 en prison"},"content":{"rendered":"\n<p>Moussa Dadis Camara et plusieurs coaccus\u00e9s ont \u00e9t\u00e9 envoy\u00e9s en prison mardi 27 Septembre, alors que leur proc\u00e8s s&rsquo;ouvre le lendemain mercredi 28 septembre, 12 ans jour pour jour apr\u00e8s la survenue des faits pour lesquels ils seront entendus. L&rsquo; ex-leader de la junte guin\u00e9enne qui s\u2019empara du pouvoir \u00e0 la mort du Pr\u00e9sident Lansana Cont\u00e9 en d\u00e9cembre 2008 et ses onze co-accus\u00e9s ont \u00e9t\u00e9 plac\u00e9s sous mandat de d\u00e9p\u00f4t dans l&rsquo;affaire des massacres du 28 septembre 2009, au stade du 28-septembre.<\/p>\n\n\n\n<figure class=\"wp-block-image size-full is-resized\"><img data-recalc-dims=\"1\" loading=\"lazy\" decoding=\"async\" src=\"https:\/\/i0.wp.com\/campusunivers.com\/wp-content\/uploads\/2022\/09\/dadiscamara.jpeg?resize=800%2C450&#038;ssl=1\" alt=\"\" class=\"wp-image-594\" width=\"800\" height=\"450\" srcset=\"https:\/\/i0.wp.com\/campusunivers.com\/wp-content\/uploads\/2022\/09\/dadiscamara.jpeg?w=450&amp;ssl=1 450w, https:\/\/i0.wp.com\/campusunivers.com\/wp-content\/uploads\/2022\/09\/dadiscamara.jpeg?resize=300%2C169&amp;ssl=1 300w\" sizes=\"auto, (max-width: 800px) 100vw, 800px\" \/><\/figure>\n\n\n\n<p>Le 28 septembre 2009, des manifestations monstres &#8211; interdites par les autorit\u00e9s du Conseil National pour la D\u00e9mocratie et le D\u00e9veloppement (CNDD), eurent lieux pour exiger le d\u00e9part du pouvoir de la junte conduite par le sulfureux capitaine. S&rsquo;en \u00e9tait alors suivi une violente r\u00e9pression qui provoqua la mort de 157 personnes, 109 femmes viol\u00e9es et plus de 1500 bless\u00e9s graves selon le rapport d&rsquo;une commission d&rsquo;enqu\u00eate internationale mandat\u00e9e par l&rsquo;ONU.&nbsp;<\/p>\n\n\n\n<p>Plusieurs fois ajourn\u00e9 \u00e0 cause de l&rsquo;exil des responsables de la junte, dont Dadis lui-m\u00eame, la Justice guin\u00e9enne n&rsquo;a pourtant jamais enterr\u00e9 ces dossiers, aid\u00e9 en cela par les mobilisations des familles des victimes qui n&rsquo;ont de cesse de r\u00e9clamer justice. Mais aussi parce que les faits sont hors de port\u00e9e de la prescription. Que la justice soit finalement rendue permettra aux familles de faire leurs deuils et de panser leurs blessures.<\/p>\n\n\n\n<p class=\"has-text-align-right\"><strong>Vijilin Cairtou Nguelifack<\/strong><\/p>\n","protected":false},"excerpt":{"rendered":"<p>Moussa Dadis Camara et plusieurs coaccus\u00e9s ont \u00e9t\u00e9 envoy\u00e9s en prison mardi 27 Septembre, alors que leur proc\u00e8s s&rsquo;ouvre le<\/p>\n","protected":false},"author":1,"featured_media":597,"comment_status":"open","ping_status":"open","sticky":false,"template":"","format":"standard","meta":{"colormag_page_container_layout":"default_layout","colormag_page_sidebar_layout":"default_layout","_jetpack_memberships_contains_paid_content":false,"footnotes":""},"categories":[25,33],"tags":[],"class_list":["post-593","post","type-post","status-publish","format-standard","has-post-thumbnail","hentry","category-actualites","category-politique"],"jetpack_featured_media_url":"https:\/\/i0.wp.com\/campusunivers.com\/wp-content\/uploads\/2022\/09\/dadisenprisonactubfguinee.jpg?fit=862%2C486&ssl=1","jetpack-related-posts":[],"jetpack_sharing_enabled":true,"_links":{"self":[{"href":"https:\/\/campusunivers.com\/index.php?rest_route=\/wp\/v2\/posts\/593","targetHints":{"allow":["GET"]}}],"collection":[{"href":"https:\/\/campusunivers.com\/index.php?rest_route=\/wp\/v2\/posts"}],"about":[{"href":"https:\/\/campusunivers.com\/index.php?rest_route=\/wp\/v2\/types\/post"}],"author":[{"embeddable":true,"href":"https:\/\/campusunivers.com\/index.php?rest_route=\/wp\/v2\/users\/1"}],"replies":[{"embeddable":true,"href":"https:\/\/campusunivers.com\/index.php?rest_route=%2Fwp%2Fv2%2Fcomments&post=593"}],"version-history":[{"count":2,"href":"https:\/\/campusunivers.com\/index.php?rest_route=\/wp\/v2\/posts\/593\/revisions"}],"predecessor-version":[{"id":598,"href":"https:\/\/campusunivers.com\/index.php?rest_route=\/wp\/v2\/posts\/593\/revisions\/598"}],"wp:featuredmedia":[{"embeddable":true,"href":"https:\/\/campusunivers.com\/index.php?rest_route=\/wp\/v2\/media\/597"}],"wp:attachment":[{"href":"https:\/\/campusunivers.com\/index.php?rest_route=%2Fwp%2Fv2%2Fmedia&parent=593"}],"wp:term":[{"taxonomy":"category","embeddable":true,"href":"https:\/\/campusunivers.com\/index.php?rest_route=%2Fwp%2Fv2%2Fcategories&post=593"},{"taxonomy":"post_tag","embeddable":true,"href":"https:\/\/campusunivers.com\/index.php?rest_route=%2Fwp%2Fv2%2Ftags&post=593"}],"curies":[{"name":"wp","href":"https:\/\/api.w.org\/{rel}","templated":true}]}}