{"id":5906,"date":"2025-02-05T00:08:51","date_gmt":"2025-02-05T00:08:51","guid":{"rendered":"https:\/\/campusunivers.com\/?p=5906"},"modified":"2025-02-05T00:10:51","modified_gmt":"2025-02-05T00:10:51","slug":"tuerie-en-suede-une-dizaine-de-morts-dans-un-centre-de-formation-a-orebro","status":"publish","type":"post","link":"https:\/\/campusunivers.com\/?p=5906","title":{"rendered":"Tuerie en Su\u00e8de : Une dizaine de morts dans un centre de formation \u00e0 \u00d6rebro"},"content":{"rendered":"\n<p>Une trag\u00e9die sans pr\u00e9c\u00e9dent a frapp\u00e9 la ville d&rsquo;\u00d6rebro, en Su\u00e8de, ce mardi 4 f\u00e9vrier 2025. Une fusillade a \u00e9clat\u00e9 dans le Campus Risbergska, un centre d&rsquo;enseignement pour adultes, causant la mort d&rsquo;au moins dix personnes et faisant plusieurs bless\u00e9s. Les victimes, toutes des adultes, sont actuellement en cours d&rsquo;identification.<\/p>\n\n\n\n<p>Le tireur, un homme de 35 ans, fait partie des personnes d\u00e9c\u00e9d\u00e9es, ayant retourn\u00e9 son arme contre lui apr\u00e8s son acte meurtrier. Bien que la police n&rsquo;ait pas encore confirm\u00e9 ses motivations, le chef de la police locale a pr\u00e9cis\u00e9 que la piste terroriste n&rsquo;\u00e9tait pas privil\u00e9gi\u00e9e. Le Premier ministre su\u00e9dois, Ulf Kristersson, a exprim\u00e9 sa profonde tristesse sur X, d\u00e9crivant cet \u00e9v\u00e9nement comme un \u00ab\u00a0jour douloureux pour toute la Su\u00e8de\u00a0\u00bb.<\/p>\n\n\n\n<p>La Su\u00e8de, qui a r\u00e9cemment \u00e9t\u00e9 le th\u00e9\u00e2tre de violences li\u00e9es aux gangs, est sous le choc face \u00e0 cette tuerie dans un \u00e9tablissement scolaire, une premi\u00e8re d&rsquo;une telle ampleur dans l&rsquo;histoire du pays. Des t\u00e9moins sur place ont d\u00e9crit des sc\u00e8nes d&rsquo;horreur et de panique parmi les \u00e9l\u00e8ves et le personnel confin\u00e9 dans l&rsquo;\u00e9tablissement durant plusieurs heures.<\/p>\n\n\n\n<figure class=\"wp-block-image size-full is-resized\"><img data-recalc-dims=\"1\" loading=\"lazy\" decoding=\"async\" width=\"344\" height=\"344\" src=\"https:\/\/i0.wp.com\/campusunivers.com\/wp-content\/uploads\/2025\/02\/qr-post-tuerie-en-suede-une-dizaine-de-morts-dans-un-centre-de-formation-a-orebro.png?resize=344%2C344&#038;ssl=1\" alt=\"\" class=\"wp-image-5909\" style=\"width:176px;height:auto\" srcset=\"https:\/\/i0.wp.com\/campusunivers.com\/wp-content\/uploads\/2025\/02\/qr-post-tuerie-en-suede-une-dizaine-de-morts-dans-un-centre-de-formation-a-orebro.png?w=344&amp;ssl=1 344w, https:\/\/i0.wp.com\/campusunivers.com\/wp-content\/uploads\/2025\/02\/qr-post-tuerie-en-suede-une-dizaine-de-morts-dans-un-centre-de-formation-a-orebro.png?resize=300%2C300&amp;ssl=1 300w, https:\/\/i0.wp.com\/campusunivers.com\/wp-content\/uploads\/2025\/02\/qr-post-tuerie-en-suede-une-dizaine-de-morts-dans-un-centre-de-formation-a-orebro.png?resize=150%2C150&amp;ssl=1 150w\" sizes=\"auto, (max-width: 344px) 100vw, 344px\" \/><\/figure>\n\n\n\n<p class=\"has-text-align-right\"><strong>Jean Bosco BELL<\/strong><\/p>\n\n\n\n<p><\/p>\n","protected":false},"excerpt":{"rendered":"<p>Une trag\u00e9die sans pr\u00e9c\u00e9dent a frapp\u00e9 la ville d&rsquo;\u00d6rebro, en Su\u00e8de, ce mardi 4 f\u00e9vrier 2025. Une fusillade a \u00e9clat\u00e9<\/p>\n","protected":false},"author":1,"featured_media":5911,"comment_status":"open","ping_status":"open","sticky":false,"template":"","format":"standard","meta":{"colormag_page_container_layout":"default_layout","colormag_page_sidebar_layout":"default_layout","_jetpack_memberships_contains_paid_content":false,"footnotes":""},"categories":[25,26,32],"tags":[135,136,138],"class_list":["post-5906","post","type-post","status-publish","format-standard","has-post-thumbnail","hentry","category-actualites","category-campuslife","category-societe","tag-actualite","tag-campuslife","tag-societe"],"jetpack_featured_media_url":"https:\/\/i0.wp.com\/campusunivers.com\/wp-content\/uploads\/2025\/02\/Une-fusillade-a-fait-une-dizaine-de-mort-dans-un-centre-d-enseignement-pour-adulte-a-orebro-en-suede-le-4-fevrier-2025-CP-RTL.jpg?fit=901%2C600&ssl=1","jetpack-related-posts":[],"jetpack_sharing_enabled":true,"_links":{"self":[{"href":"https:\/\/campusunivers.com\/index.php?rest_route=\/wp\/v2\/posts\/5906","targetHints":{"allow":["GET"]}}],"collection":[{"href":"https:\/\/campusunivers.com\/index.php?rest_route=\/wp\/v2\/posts"}],"about":[{"href":"https:\/\/campusunivers.com\/index.php?rest_route=\/wp\/v2\/types\/post"}],"author":[{"embeddable":true,"href":"https:\/\/campusunivers.com\/index.php?rest_route=\/wp\/v2\/users\/1"}],"replies":[{"embeddable":true,"href":"https:\/\/campusunivers.com\/index.php?rest_route=%2Fwp%2Fv2%2Fcomments&post=5906"}],"version-history":[{"count":2,"href":"https:\/\/campusunivers.com\/index.php?rest_route=\/wp\/v2\/posts\/5906\/revisions"}],"predecessor-version":[{"id":5910,"href":"https:\/\/campusunivers.com\/index.php?rest_route=\/wp\/v2\/posts\/5906\/revisions\/5910"}],"wp:featuredmedia":[{"embeddable":true,"href":"https:\/\/campusunivers.com\/index.php?rest_route=\/wp\/v2\/media\/5911"}],"wp:attachment":[{"href":"https:\/\/campusunivers.com\/index.php?rest_route=%2Fwp%2Fv2%2Fmedia&parent=5906"}],"wp:term":[{"taxonomy":"category","embeddable":true,"href":"https:\/\/campusunivers.com\/index.php?rest_route=%2Fwp%2Fv2%2Fcategories&post=5906"},{"taxonomy":"post_tag","embeddable":true,"href":"https:\/\/campusunivers.com\/index.php?rest_route=%2Fwp%2Fv2%2Ftags&post=5906"}],"curies":[{"name":"wp","href":"https:\/\/api.w.org\/{rel}","templated":true}]}}