{"id":5476,"date":"2024-12-09T04:54:08","date_gmt":"2024-12-09T04:54:08","guid":{"rendered":"https:\/\/campusunivers.com\/?p=5476"},"modified":"2024-12-09T04:56:06","modified_gmt":"2024-12-09T04:56:06","slug":"essec-2024-une-semaine-de-lentreprise-entre-reves-dinnovation-et-realites-entrepreneuriales","status":"publish","type":"post","link":"https:\/\/campusunivers.com\/?p=5476","title":{"rendered":"ESSEC 2024 : Une semaine de l&rsquo;entreprise, entre r\u00eaves d&rsquo;innovation et r\u00e9alit\u00e9s entrepreneuriales"},"content":{"rendered":"\n<p>Le 19 novembre 2024, l&rsquo;Universit\u00e9 de Douala a connu un \u00e9v\u00e9nement marquant qui a propuls\u00e9 l&rsquo;\u00c9cole Sup\u00e9rieure des Sciences \u00c9conomiques et Commerciales (ESSEC) sous les feux des projecteurs de l\u2019innovation et de l\u2019entrepreneuriat. La <strong>Semaine de l\u2019Entreprise<\/strong>, qui s\u2019est ouverte dans l\u2019amphith\u00e9\u00e2tre 200, a r\u00e9uni un public impressionnant : \u00e9tudiants, enseignants, chefs d&rsquo;entreprises et autorit\u00e9s acad\u00e9miques, tous anim\u00e9s par le m\u00eame id\u00e9al de b\u00e2tir un avenir \u00e9conomique florissant. Pr\u00e9sid\u00e9e par le <strong>Ministre Conseiller Sp\u00e9cial n\u00b01 du Premier Ministre<\/strong>, le Professeur <strong>Fr\u00e9d\u00e9ric Mbotto Edimo<\/strong>, repr\u00e9sentant personnel de Docteur Chief Dion Ngute, la c\u00e9r\u00e9monie d&rsquo;ouverture s&rsquo;est inscrite sous un signe fort de coop\u00e9ration entre le monde acad\u00e9mique et celui de l&rsquo;entreprise.<\/p>\n\n\n\n<figure class=\"wp-block-image size-large is-resized\"><img data-recalc-dims=\"1\" loading=\"lazy\" decoding=\"async\" width=\"800\" height=\"534\" src=\"https:\/\/i0.wp.com\/campusunivers.com\/wp-content\/uploads\/2024\/12\/ESSEC-4.jpg?resize=800%2C534&#038;ssl=1\" alt=\"\" class=\"wp-image-5481\" style=\"width:673px;height:auto\" srcset=\"https:\/\/i0.wp.com\/campusunivers.com\/wp-content\/uploads\/2024\/12\/ESSEC-4.jpg?resize=1024%2C683&amp;ssl=1 1024w, https:\/\/i0.wp.com\/campusunivers.com\/wp-content\/uploads\/2024\/12\/ESSEC-4.jpg?resize=300%2C200&amp;ssl=1 300w, https:\/\/i0.wp.com\/campusunivers.com\/wp-content\/uploads\/2024\/12\/ESSEC-4.jpg?resize=768%2C512&amp;ssl=1 768w, https:\/\/i0.wp.com\/campusunivers.com\/wp-content\/uploads\/2024\/12\/ESSEC-4.jpg?w=1280&amp;ssl=1 1280w\" sizes=\"auto, (max-width: 800px) 100vw, 800px\" \/><\/figure>\n\n\n\n<p>Dans son discours, le <strong>Professeur Joseph Marchand Dika Manga<\/strong>, Vice-Recteur charg\u00e9 de la recherche, de la coop\u00e9ration et des relations avec le monde des entreprises, a mis en lumi\u00e8re l\u2019importance strat\u00e9gique de cette semaine pour l\u2019insertion des jeunes dipl\u00f4m\u00e9s dans les secteurs porteurs de demain, tels que <strong>l\u2019intelligence artificielle<\/strong>. <em>\u00ab Cette semaine, plus qu\u2019un simple \u00e9v\u00e9nement acad\u00e9mique, est un v\u00e9ritable carrefour o\u00f9 la science rencontre l\u2019industrie, un lieu o\u00f9 l\u2019innovation fait \u00e9cho aux besoins du march\u00e9 du travail \u00bb<\/em>, a-t-il affirm\u00e9. En soulignant l\u2019engagement de l\u2019ESSEC pour pr\u00e9parer les \u00e9tudiants aux d\u00e9fis contemporains, le Professeur Dika Manga a \u00e9galement insist\u00e9 sur l\u2019importance de cette rencontre dans la transformation des id\u00e9es en solutions concr\u00e8tes et adapt\u00e9es aux enjeux \u00e9conomiques de notre \u00e9poque. Il a exalt\u00e9 la pr\u00e9sence auguste du Repr\u00e9sentant du Premier Ministre en lui offrant, au nom de la communaut\u00e9 universitaire de Douala, un pr\u00e9sent empreint de respect et de d\u00e9f\u00e9rence. Ce geste solennel exprime la reconnaissance profonde envers le Chef du gouvernement, artisan infatigable de la vision du Pr\u00e9sident SE Paul Biya, qui veille avec une sensibilit\u00e9 rare sur la formation et l&rsquo;avenir professionnel de la jeunesse camerounaise.<\/p>\n\n\n\n<p>Le <strong>Professeur Abate Andr\u00e9 Modeste<\/strong>, Directeur de l&rsquo;ESSEC, a, quant \u00e0 lui, soulign\u00e9 le r\u00f4le fondamental de cette Semaine de l&rsquo;Entreprise comme un catalyseur d\u2019int\u00e9gration sociale et un vecteur de changement. Selon lui, cet \u00e9v\u00e9nement Il souligne&nbsp;que: <em>\u00ab l\u2019objectif principal de cet \u00e9v\u00e9nement est d\u2019offrir une plateforme d\u2019\u00e9change entre \u00e9tudiants, entreprises et institutions publiques. C\u2019est un carrefour o\u00f9 l\u2019innovation se rencontre avec les besoins du march\u00e9 du travail, un lieu o\u00f9 la jeunesse trouve des r\u00e9ponses aux d\u00e9fis contemporains \u00bb<\/em>. Il a insist\u00e9 sur l\u2019importance de la <strong>cr\u00e9ativit\u00e9<\/strong> et de l\u2019<strong>innovation<\/strong> dans la construction de l&rsquo;avenir \u00e9conomique, et a vu dans la mont\u00e9e en puissance de l&rsquo;intelligence artificielle un <strong>moteur<\/strong> incontournable de cette r\u00e9volution.<\/p>\n\n\n\n<figure class=\"wp-block-image size-large is-resized\"><img data-recalc-dims=\"1\" loading=\"lazy\" decoding=\"async\" width=\"800\" height=\"534\" src=\"https:\/\/i0.wp.com\/campusunivers.com\/wp-content\/uploads\/2024\/12\/ESSEC-2.jpg?resize=800%2C534&#038;ssl=1\" alt=\"\" class=\"wp-image-5482\" style=\"width:679px;height:auto\" srcset=\"https:\/\/i0.wp.com\/campusunivers.com\/wp-content\/uploads\/2024\/12\/ESSEC-2.jpg?resize=1024%2C683&amp;ssl=1 1024w, https:\/\/i0.wp.com\/campusunivers.com\/wp-content\/uploads\/2024\/12\/ESSEC-2.jpg?resize=300%2C200&amp;ssl=1 300w, https:\/\/i0.wp.com\/campusunivers.com\/wp-content\/uploads\/2024\/12\/ESSEC-2.jpg?resize=768%2C512&amp;ssl=1 768w, https:\/\/i0.wp.com\/campusunivers.com\/wp-content\/uploads\/2024\/12\/ESSEC-2.jpg?w=1280&amp;ssl=1 1280w\" sizes=\"auto, (max-width: 800px) 100vw, 800px\" \/><\/figure>\n\n\n\n<p>Le <strong>Ministre Fr\u00e9d\u00e9ric Mbotto Edimo<\/strong>, dans son intervention, a appel\u00e9 les \u00e9tudiants \u00e0 saisir les multiples <strong>opportunit\u00e9s<\/strong> offertes par le gouvernement dans le domaine des <strong>nouvelles technologies<\/strong>. En \u00e9voquant les projets gouvernementaux ax\u00e9s sur l\u2019innovation, il a mis en lumi\u00e8re les leviers essentiels \u00e0 activer pour renforcer la <strong>comp\u00e9titivit\u00e9<\/strong> et la <strong>productivit\u00e9<\/strong> du pays. <em>\u00ab L\u2019innovation et la cr\u00e9ativit\u00e9 sont les moteurs du d\u00e9veloppement \u00e9conomique durable \u00bb<\/em>, a-t-il conclu, incitant les jeunes talents \u00e0 se pr\u00e9parer activement \u00e0 ces d\u00e9fis.<\/p>\n\n\n\n<p>Le point d\u2019orgue de cette journ\u00e9e a \u00e9t\u00e9 marqu\u00e9 par une <strong>conf\u00e9rence-d\u00e9bat<\/strong> sur \u00ab l\u2019exploration de l\u2019intelligence artificielle dans l\u2019\u00e9volution du marketing \u00bb, offrant aux participants des cl\u00e9s de compr\u00e9hension sur l\u2019impact de l\u2019IA dans le monde des affaires. Cet \u00e9v\u00e9nement fut une grande r\u00e9ussite, r\u00e9affirmant l\u2019engagement de l\u2019ESSEC \u00e0 former les <strong>entrepreneurs<\/strong> de demain, capables de relever les d\u00e9fis d&rsquo;un monde en perp\u00e9tuelle \u00e9volution.<\/p>\n\n\n\n<p>Ainsi, cette <strong>Semaine de l&rsquo;Entreprise 2024<\/strong> se distingue comme un moment charni\u00e8re, une fen\u00eatre ouverte sur l\u2019avenir, o\u00f9 l\u2019innovation n\u2019est pas un simple mot, mais un fil conducteur du progr\u00e8s. Ce fut l&rsquo;occasion pour les jeunes d\u2019imaginer un avenir audacieux, o\u00f9 les r\u00eaves et les projets prennent racine dans le terreau fertile de la formation, de l\u2019engagement et de l\u2019innovation. <strong>Une semaine inoubliable, sans doute, mais aussi un pas vers l&rsquo;infini des possibles.<\/strong><\/p>\n\n\n\n<figure class=\"wp-block-image size-large is-resized\"><img data-recalc-dims=\"1\" loading=\"lazy\" decoding=\"async\" width=\"800\" height=\"403\" src=\"https:\/\/i0.wp.com\/campusunivers.com\/wp-content\/uploads\/2024\/12\/ESSEC-1.jpg?resize=800%2C403&#038;ssl=1\" alt=\"\" class=\"wp-image-5483\" style=\"width:684px;height:auto\" srcset=\"https:\/\/i0.wp.com\/campusunivers.com\/wp-content\/uploads\/2024\/12\/ESSEC-1.jpg?resize=1024%2C516&amp;ssl=1 1024w, https:\/\/i0.wp.com\/campusunivers.com\/wp-content\/uploads\/2024\/12\/ESSEC-1.jpg?resize=300%2C151&amp;ssl=1 300w, https:\/\/i0.wp.com\/campusunivers.com\/wp-content\/uploads\/2024\/12\/ESSEC-1.jpg?resize=768%2C387&amp;ssl=1 768w, https:\/\/i0.wp.com\/campusunivers.com\/wp-content\/uploads\/2024\/12\/ESSEC-1.jpg?w=1080&amp;ssl=1 1080w\" sizes=\"auto, (max-width: 800px) 100vw, 800px\" \/><\/figure>\n\n\n\n<figure class=\"wp-block-image size-full is-resized\"><img data-recalc-dims=\"1\" loading=\"lazy\" decoding=\"async\" width=\"344\" height=\"344\" src=\"https:\/\/i0.wp.com\/campusunivers.com\/wp-content\/uploads\/2024\/12\/qr-post-essec-2024-une-semaine-de-lentreprise-entre-reves-dinnovation-et-realites-entrepreneuriales.png?resize=344%2C344&#038;ssl=1\" alt=\"\" class=\"wp-image-5480\" style=\"width:176px;height:auto\" srcset=\"https:\/\/i0.wp.com\/campusunivers.com\/wp-content\/uploads\/2024\/12\/qr-post-essec-2024-une-semaine-de-lentreprise-entre-reves-dinnovation-et-realites-entrepreneuriales.png?w=344&amp;ssl=1 344w, https:\/\/i0.wp.com\/campusunivers.com\/wp-content\/uploads\/2024\/12\/qr-post-essec-2024-une-semaine-de-lentreprise-entre-reves-dinnovation-et-realites-entrepreneuriales.png?resize=300%2C300&amp;ssl=1 300w, https:\/\/i0.wp.com\/campusunivers.com\/wp-content\/uploads\/2024\/12\/qr-post-essec-2024-une-semaine-de-lentreprise-entre-reves-dinnovation-et-realites-entrepreneuriales.png?resize=150%2C150&amp;ssl=1 150w\" sizes=\"auto, (max-width: 344px) 100vw, 344px\" \/><\/figure>\n\n\n\n<p class=\"has-text-align-right\"><strong>Jean Bosco BELL<\/strong><\/p>\n","protected":false},"excerpt":{"rendered":"<p>Le 19 novembre 2024, l&rsquo;Universit\u00e9 de Douala a connu un \u00e9v\u00e9nement marquant qui a propuls\u00e9 l&rsquo;\u00c9cole Sup\u00e9rieure des Sciences \u00c9conomiques<\/p>\n","protected":false},"author":1,"featured_media":5477,"comment_status":"open","ping_status":"open","sticky":false,"template":"","format":"standard","meta":{"colormag_page_container_layout":"default_layout","colormag_page_sidebar_layout":"default_layout","_jetpack_memberships_contains_paid_content":false,"footnotes":""},"categories":[25,26,42,34,43,48],"tags":[135,136,86,137,143,141],"class_list":["post-5476","post","type-post","status-publish","format-standard","has-post-thumbnail","hentry","category-actualites","category-campuslife","category-conference","category-economie","category-job-space","category-magspace","tag-actualite","tag-campuslife","tag-entrepreneuriat","tag-etudes","tag-jobspace","tag-magspace"],"jetpack_featured_media_url":"https:\/\/i0.wp.com\/campusunivers.com\/wp-content\/uploads\/2024\/12\/ESSEC-3.jpg?fit=899%2C600&ssl=1","jetpack-related-posts":[],"jetpack_sharing_enabled":true,"_links":{"self":[{"href":"https:\/\/campusunivers.com\/index.php?rest_route=\/wp\/v2\/posts\/5476","targetHints":{"allow":["GET"]}}],"collection":[{"href":"https:\/\/campusunivers.com\/index.php?rest_route=\/wp\/v2\/posts"}],"about":[{"href":"https:\/\/campusunivers.com\/index.php?rest_route=\/wp\/v2\/types\/post"}],"author":[{"embeddable":true,"href":"https:\/\/campusunivers.com\/index.php?rest_route=\/wp\/v2\/users\/1"}],"replies":[{"embeddable":true,"href":"https:\/\/campusunivers.com\/index.php?rest_route=%2Fwp%2Fv2%2Fcomments&post=5476"}],"version-history":[{"count":2,"href":"https:\/\/campusunivers.com\/index.php?rest_route=\/wp\/v2\/posts\/5476\/revisions"}],"predecessor-version":[{"id":5484,"href":"https:\/\/campusunivers.com\/index.php?rest_route=\/wp\/v2\/posts\/5476\/revisions\/5484"}],"wp:featuredmedia":[{"embeddable":true,"href":"https:\/\/campusunivers.com\/index.php?rest_route=\/wp\/v2\/media\/5477"}],"wp:attachment":[{"href":"https:\/\/campusunivers.com\/index.php?rest_route=%2Fwp%2Fv2%2Fmedia&parent=5476"}],"wp:term":[{"taxonomy":"category","embeddable":true,"href":"https:\/\/campusunivers.com\/index.php?rest_route=%2Fwp%2Fv2%2Fcategories&post=5476"},{"taxonomy":"post_tag","embeddable":true,"href":"https:\/\/campusunivers.com\/index.php?rest_route=%2Fwp%2Fv2%2Ftags&post=5476"}],"curies":[{"name":"wp","href":"https:\/\/api.w.org\/{rel}","templated":true}]}}