{"id":315,"date":"2022-09-07T10:14:48","date_gmt":"2022-09-07T10:14:48","guid":{"rendered":"https:\/\/campusunivers.com\/?p=315"},"modified":"2022-10-07T02:00:38","modified_gmt":"2022-10-07T02:00:38","slug":"ambiance-de-rentree-scolaire-les-tous-petits-et-les-grands-eleves-reviennent-aux-fourneaux","status":"publish","type":"post","link":"https:\/\/campusunivers.com\/?p=315","title":{"rendered":"Ambiance de rentr\u00e9e scolaire, les tous petits et les grands \u00e9l\u00e8ves reviennent aux fourneaux"},"content":{"rendered":"\n<figure class=\"wp-block-gallery has-nested-images columns-default is-cropped wp-block-gallery-1 is-layout-flex wp-block-gallery-is-layout-flex\">\n<figure class=\"wp-block-image size-large\"><img data-recalc-dims=\"1\" loading=\"lazy\" decoding=\"async\" width=\"800\" height=\"455\" data-id=\"316\" src=\"https:\/\/i0.wp.com\/campusunivers.com\/wp-content\/uploads\/2022\/09\/enfantrentreecreditphotokoaci.jpg?resize=800%2C455&#038;ssl=1\" alt=\"\" class=\"wp-image-316\" srcset=\"https:\/\/i0.wp.com\/campusunivers.com\/wp-content\/uploads\/2022\/09\/enfantrentreecreditphotokoaci.jpg?resize=1024%2C583&amp;ssl=1 1024w, https:\/\/i0.wp.com\/campusunivers.com\/wp-content\/uploads\/2022\/09\/enfantrentreecreditphotokoaci.jpg?resize=300%2C171&amp;ssl=1 300w, https:\/\/i0.wp.com\/campusunivers.com\/wp-content\/uploads\/2022\/09\/enfantrentreecreditphotokoaci.jpg?resize=768%2C437&amp;ssl=1 768w, https:\/\/i0.wp.com\/campusunivers.com\/wp-content\/uploads\/2022\/09\/enfantrentreecreditphotokoaci.jpg?w=1500&amp;ssl=1 1500w\" sizes=\"auto, (max-width: 800px) 100vw, 800px\" \/><figcaption>Cr\u00e9dit photo koaci.com<\/figcaption><\/figure>\n<\/figure>\n\n\n\n<p>Depuis le 05 Septembre, tous petits de la maternelle, \u00e9coliers et \u00e9l\u00e8ves ont rejoint leurs salles de classes respectives dans le cadre de la rentr\u00e9e scolaire 2022-2023. Les retrouvailles sont chaleureuses entre camarades qui ont fait trois mois de vacances&nbsp;bien m\u00e9rit\u00e9es; entre travaux champ\u00eatres et championnats de vacances pour ceux qui ont pass\u00e9 un s\u00e9jour sur la terre de leurs anc\u00eatres, travaux m\u00e9nagers et loisirs pour ceux qui sont rest\u00e9s dans les grands centres urbains, les histoires ne tarissent pas entre \u00ab&nbsp;les cop\u2019s&nbsp;\u00bb de l\u2019\u00e9cole primaire, qui content le r\u00e9cit de leurs exploits dans le but de s\u2019\u00e9merveiller les uns les autres.<\/p>\n\n\n\n<p>&nbsp;&nbsp;&nbsp;&nbsp;&nbsp;&nbsp;&nbsp;&nbsp;&nbsp;&nbsp;&nbsp;&nbsp; Dans les lyc\u00e9es et coll\u00e8ges par contre, les camarades discutent pour les plus grands de leurs m\u00e9tiers d\u2019avenir, au regard des exp\u00e9riences pass\u00e9es pendant les vacances. Si pour ceux qui ont brillamment r\u00e9ussi \u00e0 leurs examens, l\u2019ann\u00e9e scolaire est entam\u00e9e avec un r\u00e9el optimisme, il faut dire que les redoublants sont moins enthousiastes et comptent n\u00e9anmoins bien affuter leurs armes pour un retentissant succ\u00e8s en fin d\u2019ann\u00e9e.<\/p>\n\n\n\n<p>&nbsp;&nbsp;&nbsp;&nbsp;&nbsp;&nbsp;&nbsp;&nbsp; &nbsp;Le coup de sifflet qui retentit, annonce la fin de \u00ab&nbsp;ces belles \u00e9pop\u00e9es&nbsp;\u00bb et marque le d\u00e9but d\u2019une nouvelle saison, celle de l\u2019acquisition des savoirs, celle de l\u2019imp\u00e9rative complicit\u00e9 entre l\u2019apprenant et ses cahiers et livres.<\/p>\n\n\n\n<p>&nbsp;&nbsp;&nbsp;&nbsp;&nbsp;&nbsp;&nbsp; Afin de pouvoir \u00e9quiper ces \u00abguerriers&nbsp;\u00bb d\u2019un autre genre, les&nbsp; parents, tuteurs et encadreurs, se bousculent dans les march\u00e9s pour acheter fournitures, tenues et accessoires. Comme on peut le voir, il y\u2019en a pour toutes les bourses et chacun dans ce contexte socio-\u00e9conomique particuli\u00e8rement difficile, d\u00e9finit les priorit\u00e9s afin de satisfaire au minimum chacun des enfants. Dans la m\u00eame logique, et compte tenu des d\u00e9lais d\u2019inscription dans les diff\u00e9rents \u00e9tablissements, les parents essaient autant que faire se peut de s\u2019acquitter des frais d\u2019inscription et d\u2019une partie de la scolarit\u00e9 en nourrissant le r\u00eave de voir leurs prog\u00e9nitures obtenir d\u2019excellents r\u00e9sultats pour passer en classe sup\u00e9rieure.<\/p>\n\n\n\n<p class=\"has-text-align-right\">&nbsp;&nbsp;&nbsp;&nbsp;&nbsp;&nbsp;&nbsp;&nbsp;&nbsp;&nbsp;&nbsp;&nbsp;&nbsp;&nbsp;&nbsp;&nbsp;&nbsp;&nbsp;&nbsp;&nbsp;&nbsp;&nbsp;&nbsp;&nbsp;&nbsp;&nbsp;&nbsp;&nbsp;&nbsp;&nbsp;&nbsp;&nbsp;&nbsp;&nbsp;&nbsp;&nbsp;&nbsp;&nbsp;&nbsp;&nbsp;&nbsp;&nbsp;&nbsp;&nbsp;&nbsp;&nbsp;&nbsp;&nbsp;&nbsp;&nbsp;&nbsp;&nbsp;&nbsp;&nbsp;&nbsp;&nbsp;&nbsp;&nbsp;&nbsp;&nbsp;&nbsp;&nbsp;&nbsp;&nbsp;&nbsp;&nbsp;&nbsp;&nbsp;&nbsp;&nbsp;&nbsp;&nbsp;&nbsp;&nbsp;&nbsp;&nbsp;&nbsp;&nbsp;&nbsp;&nbsp;&nbsp;&nbsp;&nbsp;&nbsp;&nbsp;&nbsp;&nbsp;&nbsp;&nbsp; <strong>Marcelle<\/strong> <strong>MFILA NDZANA<\/strong><\/p>\n","protected":false},"excerpt":{"rendered":"<p>Depuis le 05 Septembre, tous petits de la maternelle, \u00e9coliers et \u00e9l\u00e8ves ont rejoint leurs salles de classes respectives dans<\/p>\n","protected":false},"author":1,"featured_media":316,"comment_status":"open","ping_status":"open","sticky":false,"template":"","format":"standard","meta":{"colormag_page_container_layout":"default_layout","colormag_page_sidebar_layout":"default_layout","_jetpack_memberships_contains_paid_content":false,"footnotes":""},"categories":[25,26],"tags":[],"class_list":["post-315","post","type-post","status-publish","format-standard","has-post-thumbnail","hentry","category-actualites","category-campuslife"],"jetpack_featured_media_url":"https:\/\/i0.wp.com\/campusunivers.com\/wp-content\/uploads\/2022\/09\/enfantrentreecreditphotokoaci.jpg?fit=1500%2C854&ssl=1","jetpack-related-posts":[],"jetpack_sharing_enabled":true,"_links":{"self":[{"href":"https:\/\/campusunivers.com\/index.php?rest_route=\/wp\/v2\/posts\/315","targetHints":{"allow":["GET"]}}],"collection":[{"href":"https:\/\/campusunivers.com\/index.php?rest_route=\/wp\/v2\/posts"}],"about":[{"href":"https:\/\/campusunivers.com\/index.php?rest_route=\/wp\/v2\/types\/post"}],"author":[{"embeddable":true,"href":"https:\/\/campusunivers.com\/index.php?rest_route=\/wp\/v2\/users\/1"}],"replies":[{"embeddable":true,"href":"https:\/\/campusunivers.com\/index.php?rest_route=%2Fwp%2Fv2%2Fcomments&post=315"}],"version-history":[{"count":2,"href":"https:\/\/campusunivers.com\/index.php?rest_route=\/wp\/v2\/posts\/315\/revisions"}],"predecessor-version":[{"id":318,"href":"https:\/\/campusunivers.com\/index.php?rest_route=\/wp\/v2\/posts\/315\/revisions\/318"}],"wp:featuredmedia":[{"embeddable":true,"href":"https:\/\/campusunivers.com\/index.php?rest_route=\/wp\/v2\/media\/316"}],"wp:attachment":[{"href":"https:\/\/campusunivers.com\/index.php?rest_route=%2Fwp%2Fv2%2Fmedia&parent=315"}],"wp:term":[{"taxonomy":"category","embeddable":true,"href":"https:\/\/campusunivers.com\/index.php?rest_route=%2Fwp%2Fv2%2Fcategories&post=315"},{"taxonomy":"post_tag","embeddable":true,"href":"https:\/\/campusunivers.com\/index.php?rest_route=%2Fwp%2Fv2%2Ftags&post=315"}],"curies":[{"name":"wp","href":"https:\/\/api.w.org\/{rel}","templated":true}]}}