{"id":296,"date":"2022-09-07T06:04:40","date_gmt":"2022-09-07T06:04:40","guid":{"rendered":"https:\/\/campusunivers.com\/?p=296"},"modified":"2022-12-13T11:44:46","modified_gmt":"2022-12-13T11:44:46","slug":"dieudonne-eman-directeur-du-ces-de-makoure-au-micro-de-campus-univers-pour-evoquer-la-rentree-scolaire-2022-2023","status":"publish","type":"post","link":"https:\/\/campusunivers.com\/?p=296","title":{"rendered":"Dieudonn\u00e9 EMAN, Directeur du CES de Makour\u00e9 au micro de CAMPUS UNIVERS pour \u00e9voquer la rentr\u00e9e scolaire 2022-2023"},"content":{"rendered":"\n<p>D\u00e9crochage. Le Directeur du CES de Makour\u00e8 dans la banlieue de Kribi a bien voulu accorder un entretien \u00e0 campusunivers.com. Germaniste, PLEG hors \u00e9chelle, Chevalier des Palmes Acad\u00e9miques, Dieudonn\u00e9 Eman \u00e9voque la situation de son \u00e9tablissement, \u00e0 l\u2019or\u00e9e de la rentr\u00e9e scolaire 2022-2023.<\/p>\n\n\n\n<figure class=\"wp-block-gallery has-nested-images columns-default is-cropped wp-block-gallery-1 is-layout-flex wp-block-gallery-is-layout-flex\">\n<figure class=\"wp-block-image size-large\"><img data-recalc-dims=\"1\" loading=\"lazy\" decoding=\"async\" width=\"350\" height=\"323\" data-id=\"297\" src=\"https:\/\/i0.wp.com\/campusunivers.com\/wp-content\/uploads\/2022\/09\/dedircesmakoure.jpg?resize=350%2C323&#038;ssl=1\" alt=\"\" class=\"wp-image-297\" srcset=\"https:\/\/i0.wp.com\/campusunivers.com\/wp-content\/uploads\/2022\/09\/dedircesmakoure.jpg?w=350&amp;ssl=1 350w, https:\/\/i0.wp.com\/campusunivers.com\/wp-content\/uploads\/2022\/09\/dedircesmakoure.jpg?resize=300%2C277&amp;ssl=1 300w\" sizes=\"auto, (max-width: 350px) 100vw, 350px\" \/><figcaption class=\"wp-element-caption\">Dieudonn\u00e9 Eman, Directeur du CES de Makour\u00e9<\/figcaption><\/figure>\n<\/figure>\n\n\n\n<p>        <strong>.<\/strong>  Campus Univers\u00a0: Bonjour Mo<em>nsieur le Directeur, dites-nous, comment pr\u00e9parez-vous la rentr\u00e9e scolaire\u00a0?<\/em><\/p>\n\n\n\n<p><strong>Dieudonn\u00e9 Eman&nbsp;<\/strong>: Bonjour Campus Univers, merci pour cette question, je voudrais d\u2019abord situer tout le monde. Le CES de Makour\u00e8 est dans le village Makour\u00e8 II, \u00e0 32 Km de Kribi sur l\u2019axe Kribi-Bipindi. C\u2019est un \u00e9tablissement vieux de 22 ans qui a \u00e9t\u00e9 cr\u00e9\u00e9 en 1999 et qui a \u00e9t\u00e9 ouvert en l\u2019an 2000.<\/p>\n\n\n\n<p>La rentr\u00e9e \u00e9videmment se pr\u00e9pare comme sur toute l\u2019\u00e9tendue du territoire national. Premi\u00e8rement en respectant les dates indiqu\u00e9es par la hi\u00e9rarchie, notamment le lundi 29 Aout 2022 qui est rentr\u00e9e de l\u2019Administration, Mercredi 31 Aout qui est celle du corps enseignant et lundi 05 septembre celle des \u00e9l\u00e8ves. Alors ce que nous faisons en ce moment, c\u2019est que nous avons pr\u00e9par\u00e9 les affiches des listes provisoires, les conditions d\u2019entr\u00e9e dans l\u2019\u00c9tablissement pour les nouveaux \u00e9l\u00e8ves et la propret\u00e9 des locaux et de toute l\u2019enceinte. Nous sommes aussi dans l\u2019information de proximit\u00e9 des parents par les voix \u00e9lectroniques et par voix de communiqu\u00e9s dans les \u00e9glises et autres assimil\u00e9s.<\/p>\n\n\n\n<ul class=\"wp-block-list\">\n<li><strong>CU&nbsp;<\/strong>: <em>Pour vous qui \u00eates, on va dire en campagne, vous avez parl\u00e9 plus haut des parents, dites-nous quelles relations votre \u00e9tablissement entretien avec les populations locales. Est-ce que le CES apparait \u00e0 leurs yeux comme un vecteur de d\u00e9veloppement&nbsp;?<\/em><\/li>\n<\/ul>\n\n\n\n<p><strong>DE\u00a0:<\/strong> \u00c9videmment, l\u2019\u00e9ducation est un puissant vecteur de d\u00e9veloppement et le Pr\u00e9sident de la R\u00e9publique ne s\u2019y est pas tromp\u00e9 en mettant sur pied ce CES qui fait la fiert\u00e9 de la contr\u00e9e. Mais il faut le reconnaitre, c\u2019est n\u2019est pas tr\u00e8s \u00e9vident parce que parmi les parents, il y en a qui sont \u00e9clair\u00e9s et il y en a qui ne le sont pas du tout.<\/p>\n\n\n\n<p>Je devrais par rapport aux relations que j\u2019ai avec l\u2019Association des Parents d\u2019\u00c9l\u00e8ves relever qu\u2019il y a une bonne collaboration, ainsi qu\u2019avec le Bureau du Conseil d\u2019\u00c9tablissement. Ce sont des gens qui connaissent la valeur de l\u2019\u00e9cole et qui donnent tout ce qu\u2019ils ont comme possibilit\u00e9s pour nous accompagner. Mais la masse, manifestement est insouciante, inconsciente et indolente \u00e0 la limite et autres talents et sur lesquels vous posez de r\u00e9els espoirs en cette rentr\u00e9es scolaire\u00a0?\u00a0\u00a0\u00a0<\/p>\n\n\n\n<ul class=\"wp-block-list\">\n<li><strong>CU&nbsp;:<\/strong> <em>Dites-nous Monsieur Eman, est- ce que vous faites de la d\u00e9tection des g\u00e9nies dans votre \u00e9tablissement&nbsp;?<\/em><\/li>\n<\/ul>\n\n\n\n<p><strong>DE&nbsp;:<\/strong> Le g\u00e9nie on en a tout le temps, je dois dire que pour l\u2019ann\u00e9e qui vient de s\u2019achever, nous avons eu une jeune fille qui va en 5<sup>\u00e8me<\/sup> qui est tr\u00e8s brave et qui a eu une moyenne de 15\/20 en fin d\u2019ann\u00e9e, elle s\u2019appelle Dimengue Silae Claudia, une \u00e9l\u00e8ve tr\u00e8s brillante. Pendant plusieurs ann\u00e9es nous avons eu \u00e9galement eu de tr\u00e8s brillants \u00e9l\u00e8ves, mais malheureusement comme notre cursus s\u2019arr\u00eate en 3<sup>\u00e8me<\/sup>, ces braves gens sont appel\u00e9s \u00e0 aller faire valoir leur g\u00e9nie ailleurs, dans toutes les zones de la R\u00e9publique, notamment dans la ville de Kribi.<\/p>\n\n\n\n<ul class=\"wp-block-list\">\n<li><strong>CU:<\/strong> <em>Quelles sont les difficult\u00e9s que votre \u00e9tablissement rencontre d\u2019habitude et comment doivent-elles \u00eatre r\u00e9solues d\u2019apr\u00e8s vous&nbsp;?<\/em><\/li>\n<\/ul>\n\n\n\n<p><strong>DE&nbsp;:<\/strong> La premi\u00e8re difficult\u00e9 c\u2019est que la r\u00e9alit\u00e9 impose ses marques les parents et les \u00e9l\u00e8ves ont aiguillonn\u00e9 le calendrier autrement. C\u2019est-\u00e0-dire qu\u2019ils commencent les classes une semaine apr\u00e8s la date normale. La deuxi\u00e8me difficult\u00e9 est qu\u2019il y a une pauvret\u00e9 rampante dans le village. Pour que&nbsp;les parents paient les frais de scolarit\u00e9, ce n\u2019est pas \u00e9vident. D\u00e9j\u00e0 que les frais exigibles ne sol t mas toujours au rendez-vous, les frais d\u2019Association de Parents d\u2019\u00e9l\u00e8ves et des enseignants, les contributions volontaires des parents sont pay\u00e9es en monnaie de singe.<\/p>\n\n\n\n<p>\u00c9videmment, nous qui n\u2019avons pas tous les enseignants, notamment pour la pr\u00e9c\u00e9dente ann\u00e9e nous manquions d\u2019enseignants d\u2019EPS, d\u2019Histoire-G\u00e9ographie et d\u2019Anglais. Pour payer les vacataires avec de petits effectifs, ce n\u2019est pas facile. Autres difficult\u00e9s, le vandalisme et le vol de quelques populations environnantes, \u00e0 l\u2019exemple des ouvertures offerte par KPDC la Centrale \u00e0 Gaz, une grande entreprise de la place qui ont \u00e9t\u00e9 purement et simplement outrag\u00e9es.<\/p>\n\n\n\n<p>La solution c\u2019est que nous continuons de sensibiliser les parents afin qu\u2019ils am\u00e9liorent leur fonctionnement avec le paiement de frais de scolarit\u00e9s \u00e0 temps. On les incite \u00e0 s\u2019organiser pour ne pas chercher cet argent \u00e0 la rentr\u00e9e, mais plut\u00f4t d\u00e8s le d\u00e9part en vacances. Pour ce qui est des professeurs, nous faisons souvent appel \u00e0 l\u2019appui des \u00e9lites locales pour nous aider \u00e0 payer les primes des vacataires que nous d\u00e9pla\u00e7ons depuis la ville de Kribi. Malheureusement, l\u2019ann\u00e9e scolaire derni\u00e8re, on a eu l\u2019aide de personne. Esp\u00e9rons que nous connaitrons un meilleur sort cette ann\u00e9e qui commence. C\u2019est la qualit\u00e9 de l\u2019enseignement des enfants qui est en jeu.<\/p>\n\n\n\n<ul class=\"wp-block-list\">\n<li><strong>CU&nbsp;:<\/strong> <em>Merci \u00e0 vous Monsieur Eman, nous voudrons bien vous sugg\u00e9rer de nous donner votre avis sur le concept de Campus Univers<\/em>.<\/li>\n<\/ul>\n\n\n\n<p><strong>DE&nbsp;:<\/strong> Bien, Campus Univers est une tr\u00e8s bonne id\u00e9e, c\u2019est une excellente id\u00e9e, je crois qu\u2019aujourd\u2019hui dans ce monde qui va vite et qui est \u00e0 la pointe au niveau de l\u2019information, cet aspect de l\u2019information sur la vie des universit\u00e9s et des \u00e9tablissements en g\u00e9n\u00e9ral manquait un peu au r\u00e9pertoire. Donc c\u2019est une brillante id\u00e9e et je pense que le d\u00e9ploiement que vous faites avec le casting de premi\u00e8re classe que vous avez commencez l\u00e0, tout laisse croire que c\u2019est un bijou d\u2019id\u00e9e qui a toutes les chances de r\u00e9ussir et c\u2019est d\u2019ailleurs tout le mal qu\u2019on lui souhaite.<\/p>\n\n\n\n<figure class=\"wp-block-image size-large is-resized\"><img data-recalc-dims=\"1\" loading=\"lazy\" decoding=\"async\" src=\"https:\/\/i0.wp.com\/campusunivers.com\/wp-content\/uploads\/2022\/09\/ledirecteuraveclesenfantsduces.jpg?resize=490%2C368&#038;ssl=1\" alt=\"\" class=\"wp-image-300\" width=\"490\" height=\"368\" srcset=\"https:\/\/i0.wp.com\/campusunivers.com\/wp-content\/uploads\/2022\/09\/ledirecteuraveclesenfantsduces.jpg?resize=1024%2C768&amp;ssl=1 1024w, https:\/\/i0.wp.com\/campusunivers.com\/wp-content\/uploads\/2022\/09\/ledirecteuraveclesenfantsduces.jpg?resize=300%2C225&amp;ssl=1 300w, https:\/\/i0.wp.com\/campusunivers.com\/wp-content\/uploads\/2022\/09\/ledirecteuraveclesenfantsduces.jpg?resize=768%2C576&amp;ssl=1 768w, https:\/\/i0.wp.com\/campusunivers.com\/wp-content\/uploads\/2022\/09\/ledirecteuraveclesenfantsduces.jpg?w=1280&amp;ssl=1 1280w\" sizes=\"auto, (max-width: 490px) 100vw, 490px\" \/><figcaption class=\"wp-element-caption\">Le Directeur avec quelques membres du staff et des enfants recevant leurs parchemins <\/figcaption><\/figure>\n\n\n\n<figure class=\"wp-block-gallery has-nested-images columns-default is-cropped wp-block-gallery-2 is-layout-flex wp-block-gallery-is-layout-flex\">\n<figure class=\"wp-block-image size-large\"><img data-recalc-dims=\"1\" loading=\"lazy\" decoding=\"async\" width=\"768\" height=\"1024\" data-id=\"302\" src=\"https:\/\/i0.wp.com\/campusunivers.com\/wp-content\/uploads\/2022\/09\/ledirecteurdslacoursduces.jpg?resize=768%2C1024&#038;ssl=1\" alt=\"\" class=\"wp-image-302\" srcset=\"https:\/\/i0.wp.com\/campusunivers.com\/wp-content\/uploads\/2022\/09\/ledirecteurdslacoursduces.jpg?resize=768%2C1024&amp;ssl=1 768w, https:\/\/i0.wp.com\/campusunivers.com\/wp-content\/uploads\/2022\/09\/ledirecteurdslacoursduces.jpg?resize=225%2C300&amp;ssl=1 225w, https:\/\/i0.wp.com\/campusunivers.com\/wp-content\/uploads\/2022\/09\/ledirecteurdslacoursduces.jpg?w=960&amp;ssl=1 960w\" sizes=\"auto, (max-width: 768px) 100vw, 768px\" \/><figcaption class=\"wp-element-caption\">Le  Directeur dans la cours de l\u2019\u00c9tablissement <\/figcaption><\/figure>\n<\/figure>\n\n\n\n<figure class=\"wp-block-gallery has-nested-images columns-default is-cropped wp-block-gallery-3 is-layout-flex wp-block-gallery-is-layout-flex\">\n<figure class=\"wp-block-image size-large\"><img data-recalc-dims=\"1\" loading=\"lazy\" decoding=\"async\" width=\"800\" height=\"600\" data-id=\"304\" src=\"https:\/\/i0.wp.com\/campusunivers.com\/wp-content\/uploads\/2022\/09\/cesmakouredefile.jpg?resize=800%2C600&#038;ssl=1\" alt=\"\" class=\"wp-image-304\" srcset=\"https:\/\/i0.wp.com\/campusunivers.com\/wp-content\/uploads\/2022\/09\/cesmakouredefile.jpg?resize=1024%2C768&amp;ssl=1 1024w, https:\/\/i0.wp.com\/campusunivers.com\/wp-content\/uploads\/2022\/09\/cesmakouredefile.jpg?resize=300%2C225&amp;ssl=1 300w, https:\/\/i0.wp.com\/campusunivers.com\/wp-content\/uploads\/2022\/09\/cesmakouredefile.jpg?resize=768%2C576&amp;ssl=1 768w, https:\/\/i0.wp.com\/campusunivers.com\/wp-content\/uploads\/2022\/09\/cesmakouredefile.jpg?w=1280&amp;ssl=1 1280w\" sizes=\"auto, (max-width: 800px) 100vw, 800px\" \/><figcaption class=\"wp-element-caption\">Pr\u00e9sence active lors des grands \u00e9v\u00e8nements scolaires et nationaux<\/figcaption><\/figure>\n<\/figure>\n\n\n\n<p class=\"has-text-align-right\"><strong>Propos recueillis par Jean Bosco Bell, Makour\u00e9, 27 Aout 2022.<\/strong><\/p>\n","protected":false},"excerpt":{"rendered":"<p>D\u00e9crochage. Le Directeur du CES de Makour\u00e8 dans la banlieue de Kribi a bien voulu accorder un entretien \u00e0 campusunivers.com.<\/p>\n","protected":false},"author":1,"featured_media":297,"comment_status":"open","ping_status":"open","sticky":false,"template":"","format":"standard","meta":{"colormag_page_container_layout":"default_layout","colormag_page_sidebar_layout":"default_layout","_jetpack_memberships_contains_paid_content":false,"footnotes":""},"categories":[25,30],"tags":[],"class_list":["post-296","post","type-post","status-publish","format-standard","has-post-thumbnail","hentry","category-actualites","category-interviews"],"jetpack_featured_media_url":"https:\/\/i0.wp.com\/campusunivers.com\/wp-content\/uploads\/2022\/09\/dedircesmakoure.jpg?fit=350%2C323&ssl=1","jetpack-related-posts":[],"jetpack_sharing_enabled":true,"_links":{"self":[{"href":"https:\/\/campusunivers.com\/index.php?rest_route=\/wp\/v2\/posts\/296","targetHints":{"allow":["GET"]}}],"collection":[{"href":"https:\/\/campusunivers.com\/index.php?rest_route=\/wp\/v2\/posts"}],"about":[{"href":"https:\/\/campusunivers.com\/index.php?rest_route=\/wp\/v2\/types\/post"}],"author":[{"embeddable":true,"href":"https:\/\/campusunivers.com\/index.php?rest_route=\/wp\/v2\/users\/1"}],"replies":[{"embeddable":true,"href":"https:\/\/campusunivers.com\/index.php?rest_route=%2Fwp%2Fv2%2Fcomments&post=296"}],"version-history":[{"count":13,"href":"https:\/\/campusunivers.com\/index.php?rest_route=\/wp\/v2\/posts\/296\/revisions"}],"predecessor-version":[{"id":1190,"href":"https:\/\/campusunivers.com\/index.php?rest_route=\/wp\/v2\/posts\/296\/revisions\/1190"}],"wp:featuredmedia":[{"embeddable":true,"href":"https:\/\/campusunivers.com\/index.php?rest_route=\/wp\/v2\/media\/297"}],"wp:attachment":[{"href":"https:\/\/campusunivers.com\/index.php?rest_route=%2Fwp%2Fv2%2Fmedia&parent=296"}],"wp:term":[{"taxonomy":"category","embeddable":true,"href":"https:\/\/campusunivers.com\/index.php?rest_route=%2Fwp%2Fv2%2Fcategories&post=296"},{"taxonomy":"post_tag","embeddable":true,"href":"https:\/\/campusunivers.com\/index.php?rest_route=%2Fwp%2Fv2%2Ftags&post=296"}],"curies":[{"name":"wp","href":"https:\/\/api.w.org\/{rel}","templated":true}]}}