{"id":1589,"date":"2023-03-08T05:00:22","date_gmt":"2023-03-08T05:00:22","guid":{"rendered":"https:\/\/campusunivers.com\/?p=1589"},"modified":"2023-03-08T05:02:31","modified_gmt":"2023-03-08T05:02:31","slug":"luniversite-de-douala-lance-sa-semaine-de-la-jidf-2023","status":"publish","type":"post","link":"https:\/\/campusunivers.com\/?p=1589","title":{"rendered":"<strong>L\u2019Universit\u00e9 de Douala lance sa semaine de la JIDF 2023<\/strong>"},"content":{"rendered":"\n<p>La c\u00e9l\u00e9bration de la femme a commenc\u00e9 \u00e0 l\u2019Universit\u00e9 de Douala, pour le compte de l\u2019ann\u00e9e 2023, ce Mercredi 1<sup>er<\/sup> mars par la c\u00e9r\u00e9monie d\u2019ouverture de la semaine d\u00e9di\u00e9e aux activit\u00e9s devant conduire \u00e0 la c\u00e9l\u00e9bration de la 38<sup>\u00e8me<\/sup> Journ\u00e9e Internationale des Droits de la Femme \u00e0 l\u2019Universit\u00e9 de Douala.<\/p>\n\n\n\n<figure class=\"wp-block-image size-large is-resized\"><img data-recalc-dims=\"1\" loading=\"lazy\" decoding=\"async\" src=\"https:\/\/i0.wp.com\/campusunivers.com\/wp-content\/uploads\/2023\/03\/Pr-MJ-Ntamak-Nida-DFS.jpg?resize=630%2C1402&#038;ssl=1\" alt=\"\" class=\"wp-image-1590\" width=\"630\" height=\"1402\" srcset=\"https:\/\/i0.wp.com\/campusunivers.com\/wp-content\/uploads\/2023\/03\/Pr-MJ-Ntamak-Nida-DFS.jpg?resize=460%2C1024&amp;ssl=1 460w, https:\/\/i0.wp.com\/campusunivers.com\/wp-content\/uploads\/2023\/03\/Pr-MJ-Ntamak-Nida-DFS.jpg?resize=135%2C300&amp;ssl=1 135w, https:\/\/i0.wp.com\/campusunivers.com\/wp-content\/uploads\/2023\/03\/Pr-MJ-Ntamak-Nida-DFS.jpg?w=464&amp;ssl=1 464w\" sizes=\"auto, (max-width: 630px) 100vw, 630px\" \/><\/figure>\n\n\n\n<p>Pour ce c\u00e9r\u00e9monial, c\u2019est le Vice-recteur charg\u00e9 du Contr\u00f4le Interne et de l\u2019Evaluation (VRCIE), le Pr Joseph Marie Zambo Belinga qui a repr\u00e9sent\u00e9 le Recteur, le Pr Magloire Ondoa emp\u00each\u00e9. Tout d\u2019abord, le Pr Joseph Marie Ntamak Nida, Doyen de la Facult\u00e9 des Sciences et Pr\u00e9sidente du Comit\u00e9 d\u2019Organisation de la JIDF \u00e0 l\u2019Universit\u00e9 de Douala a pris la parole non sans interpeller les femmes de l\u2019Universit\u00e9 de Douala en ces termes&nbsp;: <em>\u00ab&nbsp;Les nouvelles technologies de la communication sont \u00e0 notre port\u00e9e ch\u00e8res coll\u00e8gues, ch\u00e8res femmes, ch\u00e8res s\u0153urs, saisissons-les, domestiquons-les, car en elles se trouvent la pl\u00e9nitude, que dis-je, une manifestation de notre leadership&nbsp;\u00bb<\/em>. Elle a \u00e9galement adress\u00e9 des remerciements \u00e0 l\u2019endroit de monsieur le Recteur, le Professeur Magloire Ondoa pour sa constante sollicitude \u00e0 l\u2019\u00e9gard de la Communaut\u00e9 f\u00e9minine.<\/p>\n\n\n\n<figure class=\"wp-block-image size-large is-resized\"><img data-recalc-dims=\"1\" loading=\"lazy\" decoding=\"async\" src=\"https:\/\/i0.wp.com\/campusunivers.com\/wp-content\/uploads\/2023\/03\/Pr-JM-Zambo-Belinga-VRCIE.jpg?resize=633%2C1410&#038;ssl=1\" alt=\"\" class=\"wp-image-1591\" width=\"633\" height=\"1410\" srcset=\"https:\/\/i0.wp.com\/campusunivers.com\/wp-content\/uploads\/2023\/03\/Pr-JM-Zambo-Belinga-VRCIE.jpg?resize=460%2C1024&amp;ssl=1 460w, https:\/\/i0.wp.com\/campusunivers.com\/wp-content\/uploads\/2023\/03\/Pr-JM-Zambo-Belinga-VRCIE.jpg?resize=135%2C300&amp;ssl=1 135w\" sizes=\"auto, (max-width: 633px) 100vw, 633px\" \/><\/figure>\n\n\n\n<p>Quant au Professeur Joseph Marie Zambo Belinga, il a invit\u00e9 la gent f\u00e9minine \u00e0 faire preuve de responsabilit\u00e9 et de leadership pour assurer l\u2019\u00e9mancipation de la jeune fille en g\u00e9n\u00e9ral et de la femme en particulier. <em>\u00ab&nbsp;Je suis heureux, <\/em>a-t-il ajout\u00e9<em>, d\u2019\u00eatre parmi vous mes ch\u00e8res dames ce jour, ici dans ce mythique amphith\u00e9\u00e2tre 100 de l\u2019ESSEC, lieu charg\u00e9 d\u2019histoire, pour pr\u00e9sider au nom de monsieur le Recteur, ce gala culturel d\u2019ouverture de la semaine de la femme \u00e0 l\u2019Universit\u00e9 de Douala&nbsp;\u00bb<\/em>. Pour le VRCIE, cette semaine est un immense moment de r\u00e9flexion la place, le r\u00f4le et les droits de la femme, face aux grandes mutations sociales et soci\u00e9tales, dont pourtant l\u2019apport n\u2019est plus \u00e0 d\u00e9montrer. Aussi il a invit\u00e9 les femmes \u00e0 rayonner chacune dans son champ de comp\u00e9tence, comme rayonne l\u2019Universit\u00e9 de Douala depuis l\u2019arriv\u00e9e du Professeur Magloire Ondoa comme Recteur. <em>\u00ab&nbsp;Oui mesdames, <\/em>pr\u00e9cise-t-il<em>, je compte sur vous pour rehausser l\u2019image de l\u2019Universit\u00e9 de Douala, en marquant de votre pr\u00e9sence, le d\u00e9fil\u00e9 du 08 mars (sur ce) je d\u00e9clare ouverts, les travaux de la 38<sup>\u00e8me<\/sup> Journ\u00e9e Internationale des Droits de la Femme \u00e0 l\u2019Universit\u00e9 de Douala \u00bb<\/em>.<\/p>\n\n\n\n<figure class=\"wp-block-image size-large\"><img data-recalc-dims=\"1\" loading=\"lazy\" decoding=\"async\" width=\"800\" height=\"359\" src=\"https:\/\/i0.wp.com\/campusunivers.com\/wp-content\/uploads\/2023\/03\/Ceremonie-lancement-semaine-femme-UDo.jpg?resize=800%2C359&#038;ssl=1\" alt=\"\" class=\"wp-image-1592\" srcset=\"https:\/\/i0.wp.com\/campusunivers.com\/wp-content\/uploads\/2023\/03\/Ceremonie-lancement-semaine-femme-UDo.jpg?resize=1024%2C460&amp;ssl=1 1024w, https:\/\/i0.wp.com\/campusunivers.com\/wp-content\/uploads\/2023\/03\/Ceremonie-lancement-semaine-femme-UDo.jpg?resize=300%2C135&amp;ssl=1 300w, https:\/\/i0.wp.com\/campusunivers.com\/wp-content\/uploads\/2023\/03\/Ceremonie-lancement-semaine-femme-UDo.jpg?resize=768%2C345&amp;ssl=1 768w, https:\/\/i0.wp.com\/campusunivers.com\/wp-content\/uploads\/2023\/03\/Ceremonie-lancement-semaine-femme-UDo.jpg?w=1032&amp;ssl=1 1032w\" sizes=\"auto, (max-width: 800px) 100vw, 800px\" \/><\/figure>\n\n\n\n<figure class=\"wp-block-image size-full is-resized\"><img data-recalc-dims=\"1\" loading=\"lazy\" decoding=\"async\" src=\"https:\/\/i0.wp.com\/campusunivers.com\/wp-content\/uploads\/2023\/03\/lancementjifudo.jpg?resize=800%2C601&#038;ssl=1\" alt=\"\" class=\"wp-image-1595\" width=\"800\" height=\"601\" srcset=\"https:\/\/i0.wp.com\/campusunivers.com\/wp-content\/uploads\/2023\/03\/lancementjifudo.jpg?w=870&amp;ssl=1 870w, https:\/\/i0.wp.com\/campusunivers.com\/wp-content\/uploads\/2023\/03\/lancementjifudo.jpg?resize=300%2C225&amp;ssl=1 300w, https:\/\/i0.wp.com\/campusunivers.com\/wp-content\/uploads\/2023\/03\/lancementjifudo.jpg?resize=768%2C576&amp;ssl=1 768w\" sizes=\"auto, (max-width: 800px) 100vw, 800px\" \/><\/figure>\n\n\n\n<figure class=\"wp-block-image size-full is-resized\"><img data-recalc-dims=\"1\" loading=\"lazy\" decoding=\"async\" src=\"https:\/\/i0.wp.com\/campusunivers.com\/wp-content\/uploads\/2023\/03\/qr-post-luniversite-de-douala-lance-sa-semaine-de-la-jidf-2023.png?resize=127%2C127&#038;ssl=1\" alt=\"\" class=\"wp-image-1597\" width=\"127\" height=\"127\" srcset=\"https:\/\/i0.wp.com\/campusunivers.com\/wp-content\/uploads\/2023\/03\/qr-post-luniversite-de-douala-lance-sa-semaine-de-la-jidf-2023.png?w=300&amp;ssl=1 300w, https:\/\/i0.wp.com\/campusunivers.com\/wp-content\/uploads\/2023\/03\/qr-post-luniversite-de-douala-lance-sa-semaine-de-la-jidf-2023.png?resize=150%2C150&amp;ssl=1 150w\" sizes=\"auto, (max-width: 127px) 100vw, 127px\" \/><\/figure>\n\n\n\n<p class=\"has-text-align-right\"><strong>Jean Bosco BELL<\/strong><\/p>\n","protected":false},"excerpt":{"rendered":"<p>La c\u00e9l\u00e9bration de la femme a commenc\u00e9 \u00e0 l\u2019Universit\u00e9 de Douala, pour le compte de l\u2019ann\u00e9e 2023, ce Mercredi 1er<\/p>\n","protected":false},"author":1,"featured_media":1593,"comment_status":"open","ping_status":"open","sticky":false,"template":"","format":"standard","meta":{"colormag_page_container_layout":"default_layout","colormag_page_sidebar_layout":"default_layout","_jetpack_memberships_contains_paid_content":false,"footnotes":""},"categories":[25,26],"tags":[],"class_list":["post-1589","post","type-post","status-publish","format-standard","has-post-thumbnail","hentry","category-actualites","category-campuslife"],"jetpack_featured_media_url":"https:\/\/i0.wp.com\/campusunivers.com\/wp-content\/uploads\/2023\/03\/Ceremonie-lancement-semaine-femme-UDo-1.jpg?fit=1032%2C464&ssl=1","jetpack-related-posts":[],"jetpack_sharing_enabled":true,"_links":{"self":[{"href":"https:\/\/campusunivers.com\/index.php?rest_route=\/wp\/v2\/posts\/1589","targetHints":{"allow":["GET"]}}],"collection":[{"href":"https:\/\/campusunivers.com\/index.php?rest_route=\/wp\/v2\/posts"}],"about":[{"href":"https:\/\/campusunivers.com\/index.php?rest_route=\/wp\/v2\/types\/post"}],"author":[{"embeddable":true,"href":"https:\/\/campusunivers.com\/index.php?rest_route=\/wp\/v2\/users\/1"}],"replies":[{"embeddable":true,"href":"https:\/\/campusunivers.com\/index.php?rest_route=%2Fwp%2Fv2%2Fcomments&post=1589"}],"version-history":[{"count":2,"href":"https:\/\/campusunivers.com\/index.php?rest_route=\/wp\/v2\/posts\/1589\/revisions"}],"predecessor-version":[{"id":1598,"href":"https:\/\/campusunivers.com\/index.php?rest_route=\/wp\/v2\/posts\/1589\/revisions\/1598"}],"wp:featuredmedia":[{"embeddable":true,"href":"https:\/\/campusunivers.com\/index.php?rest_route=\/wp\/v2\/media\/1593"}],"wp:attachment":[{"href":"https:\/\/campusunivers.com\/index.php?rest_route=%2Fwp%2Fv2%2Fmedia&parent=1589"}],"wp:term":[{"taxonomy":"category","embeddable":true,"href":"https:\/\/campusunivers.com\/index.php?rest_route=%2Fwp%2Fv2%2Fcategories&post=1589"},{"taxonomy":"post_tag","embeddable":true,"href":"https:\/\/campusunivers.com\/index.php?rest_route=%2Fwp%2Fv2%2Ftags&post=1589"}],"curies":[{"name":"wp","href":"https:\/\/api.w.org\/{rel}","templated":true}]}}