{"id":1201,"date":"2022-12-13T16:31:20","date_gmt":"2022-12-13T16:31:20","guid":{"rendered":"https:\/\/campusunivers.com\/?p=1201"},"modified":"2022-12-13T16:31:21","modified_gmt":"2022-12-13T16:31:21","slug":"sommet-usa-afrique-paul-biya-a-washington","status":"publish","type":"post","link":"https:\/\/campusunivers.com\/?p=1201","title":{"rendered":"<strong>Sommet USA-Afrique, Paul Biya \u00e0 Washington<\/strong>"},"content":{"rendered":"\n<p>En pr\u00e9lude au deuxi\u00e8me sommet \u00c9tats-Unis-Afrique qui se tient dans la capitale am\u00e9ricaine du 13 au 15 d\u00e9cembre 2022, Paul Biya, le Pr\u00e9sident Camerounais, a quitt\u00e9 Yaound\u00e9 vendredi dernier peu avant 13h, heure locale.<\/p>\n\n\n\n<figure class=\"wp-block-image size-full is-resized\"><img data-recalc-dims=\"1\" loading=\"lazy\" decoding=\"async\" src=\"https:\/\/i0.wp.com\/campusunivers.com\/wp-content\/uploads\/2022\/12\/Paul-Biya-acceuilli-par-les-officiels-americains-et-camerounais.jpg?resize=800%2C533&#038;ssl=1\" alt=\"\" class=\"wp-image-1202\" width=\"800\" height=\"533\" srcset=\"https:\/\/i0.wp.com\/campusunivers.com\/wp-content\/uploads\/2022\/12\/Paul-Biya-acceuilli-par-les-officiels-americains-et-camerounais.jpg?w=720&amp;ssl=1 720w, https:\/\/i0.wp.com\/campusunivers.com\/wp-content\/uploads\/2022\/12\/Paul-Biya-acceuilli-par-les-officiels-americains-et-camerounais.jpg?resize=300%2C200&amp;ssl=1 300w\" sizes=\"auto, (max-width: 800px) 100vw, 800px\" \/><figcaption class=\"wp-element-caption\">Paul Biya accueilli par des officiels am\u00e9ricains et camerounais <\/figcaption><\/figure>\n\n\n\n<p>Selon le communiqu\u00e9 publi\u00e9 \u00e0 cet effet par le Cabinet Civil, le vol sp\u00e9cial ayant \u00e0 son bord le pr\u00e9sident camerounais fera escale \u00e0 Gen\u00e8ve en Suisse avant de mettre le cap sur Washington.<\/p>\n\n\n\n<p>Initi\u00e9 par l&rsquo;ancien Pr\u00e9sident d\u00e9mocrate Barack Obama, les US-Africa summit ont vocation \u00e0 r\u00e9unir prioritairement les chefs d\u2019\u00c9tats africains, \u00e0 l&rsquo;exception de ceux qui sont sous sanctions de l&rsquo;Union Africaine.<\/p>\n\n\n\n<p>Selon la sous-secr\u00e9taire am\u00e9ricaine charg\u00e9e des relations avec l&rsquo;Afrique, Mary Catherine Phee, Les questions \u00e9conomiques, sanitaires, notamment la lutte contre la Covid-19, les droits de l&rsquo;homme entre autres seront les principales th\u00e9matiques abord\u00e9es lors de ce sommet.<\/p>\n\n\n\n<figure class=\"wp-block-image size-full is-resized\"><img data-recalc-dims=\"1\" loading=\"lazy\" decoding=\"async\" src=\"https:\/\/i0.wp.com\/campusunivers.com\/wp-content\/uploads\/2022\/12\/Paul-Biya-accueillis-chaleureusement-a-whashington.jpg?resize=800%2C533&#038;ssl=1\" alt=\"\" class=\"wp-image-1203\" width=\"800\" height=\"533\" srcset=\"https:\/\/i0.wp.com\/campusunivers.com\/wp-content\/uploads\/2022\/12\/Paul-Biya-accueillis-chaleureusement-a-whashington.jpg?w=720&amp;ssl=1 720w, https:\/\/i0.wp.com\/campusunivers.com\/wp-content\/uploads\/2022\/12\/Paul-Biya-accueillis-chaleureusement-a-whashington.jpg?resize=300%2C200&amp;ssl=1 300w\" sizes=\"auto, (max-width: 800px) 100vw, 800px\" \/><figcaption class=\"wp-element-caption\"><strong>Paul Biya chaleureusement accueilli par les camerounais des \u00c9tats Unis <\/strong><\/figcaption><\/figure>\n\n\n\n<p>En ce qui concerne le leader camerounais, le communiqu\u00e9 sign\u00e9 par le chef du protocole d\u2019\u00c9tat, Simon Pierre Bikel\u00e9, s&rsquo;abstient de pr\u00e9ciser la date de retour du pr\u00e9sident de la R\u00e9publique sur ces terres. Ce deuxi\u00e8me sommet organis\u00e9 sous l&rsquo;\u00e9gide du pr\u00e9sident Joe Biden verra la participation de pr\u00e8s d&rsquo;une vingtaine de ses pairs africains. Nous y reviendrons.<\/p>\n\n\n\n<p class=\"has-text-align-right\">\u00a0<strong> Nguelifack Vijilin Cairtou<\/strong><\/p>\n","protected":false},"excerpt":{"rendered":"<p>En pr\u00e9lude au deuxi\u00e8me sommet \u00c9tats-Unis-Afrique qui se tient dans la capitale am\u00e9ricaine du 13 au 15 d\u00e9cembre 2022, Paul<\/p>\n","protected":false},"author":1,"featured_media":1204,"comment_status":"open","ping_status":"open","sticky":false,"template":"","format":"standard","meta":{"colormag_page_container_layout":"default_layout","colormag_page_sidebar_layout":"default_layout","_jetpack_memberships_contains_paid_content":false,"footnotes":""},"categories":[25,33],"tags":[],"class_list":["post-1201","post","type-post","status-publish","format-standard","has-post-thumbnail","hentry","category-actualites","category-politique"],"jetpack_featured_media_url":"https:\/\/i0.wp.com\/campusunivers.com\/wp-content\/uploads\/2022\/12\/Paul-Biya-a-Washington.jpg?fit=720%2C480&ssl=1","jetpack-related-posts":[],"jetpack_sharing_enabled":true,"_links":{"self":[{"href":"https:\/\/campusunivers.com\/index.php?rest_route=\/wp\/v2\/posts\/1201","targetHints":{"allow":["GET"]}}],"collection":[{"href":"https:\/\/campusunivers.com\/index.php?rest_route=\/wp\/v2\/posts"}],"about":[{"href":"https:\/\/campusunivers.com\/index.php?rest_route=\/wp\/v2\/types\/post"}],"author":[{"embeddable":true,"href":"https:\/\/campusunivers.com\/index.php?rest_route=\/wp\/v2\/users\/1"}],"replies":[{"embeddable":true,"href":"https:\/\/campusunivers.com\/index.php?rest_route=%2Fwp%2Fv2%2Fcomments&post=1201"}],"version-history":[{"count":1,"href":"https:\/\/campusunivers.com\/index.php?rest_route=\/wp\/v2\/posts\/1201\/revisions"}],"predecessor-version":[{"id":1205,"href":"https:\/\/campusunivers.com\/index.php?rest_route=\/wp\/v2\/posts\/1201\/revisions\/1205"}],"wp:featuredmedia":[{"embeddable":true,"href":"https:\/\/campusunivers.com\/index.php?rest_route=\/wp\/v2\/media\/1204"}],"wp:attachment":[{"href":"https:\/\/campusunivers.com\/index.php?rest_route=%2Fwp%2Fv2%2Fmedia&parent=1201"}],"wp:term":[{"taxonomy":"category","embeddable":true,"href":"https:\/\/campusunivers.com\/index.php?rest_route=%2Fwp%2Fv2%2Fcategories&post=1201"},{"taxonomy":"post_tag","embeddable":true,"href":"https:\/\/campusunivers.com\/index.php?rest_route=%2Fwp%2Fv2%2Ftags&post=1201"}],"curies":[{"name":"wp","href":"https:\/\/api.w.org\/{rel}","templated":true}]}}